[{"command":"invoke","selector":"a.load-more__btn","method":"remove","args":[]},{"command":"insert","method":"append","selector":".load-more","data":"\u003Ca href=\u0022\/tags\/volyn.html?page=2\u0022 class=\u0022load-more__btn use-ajax\u0022\u003E\u0447\u0438\u0442\u0430\u0442\u044c \u0435\u0449\u0435\u003C\/a\u003E","settings":null},{"command":"insert","method":"append","selector":".page__content .row","data":"\n            \u003C!-- article --\u003E\n      \u003Cdiv class=\u0022col-xl-6 col-lg-6 col-md-6\u0022\u003E\n        \u003Carticle class=\u0022news-feed__item\u0022\u003E\n          \u003Ca href=\u0022\/news\/2024\/12\/02\/glavar-banderovcev-ugrozhaet-polyakam-reznyoy.html\u0022 class=\u0022news-feed__img\u0022\u003E\n                                    \u003Cimg src=\u0022\/sites\/default\/files\/styles\/thumbnail_front_article\/public\/images\/news\/2024\/12\/02\/b22da536b16fb02aba8cf784f06ef7ed.-970x542.jpg?itok=r2hN5Hv-\u0022 width=\u0022456\u0022 height=\u0022246\u0022 alt=\u0022\u0022 loading=\u0022lazy\u0022 \/\u003E\n\n\n                      \u003C\/a\u003E\n          \u003Cdiv class=\u0022meta news-feed__meta\u0022\u003E\n                        \u003Cspan class=\u0022data meta__item\u0022\u003E\n              02.12.2024 |\n\t\t\t\t\t\t\t\t\t\t\t\t\t\t\t\u003Ca href=\u0022\/authors\/novosti.-sobytija.html\u0022\u003E\u041e\u0431\u0437\u043e\u0440 \u0441\u043e\u0431\u044b\u0442\u0438\u0439  \u003C\/a\u003E\n\t\t\t\t\t\t\t            \u003C\/span\u003E\n          \u003C\/div\u003E\n          \u003Ch2 class=\u0022news-feed__header\u0022\u003E\n            \u003Ca href=\u0022\/news\/2024\/12\/02\/glavar-banderovcev-ugrozhaet-polyakam-reznyoy.html\u0022\u003E\n              \u0413\u043b\u0430\u0432\u0430\u0440\u044c \u0431\u0430\u043d\u0434\u0435\u0440\u043e\u0432\u0446\u0435\u0432 \u0443\u0433\u0440\u043e\u0436\u0430\u0435\u0442 \u043f\u043e\u043b\u044f\u043a\u0430\u043c \u0440\u0435\u0437\u043d\u0451\u0439\n            \u003C\/a\u003E\n          \u003C\/h2\u003E\n          \u003Cp class=\u0022news-feed__descr\u0022\u003E\n                        \u0413\u043b\u0430\u0432\u0430\u0440\u044c \u043c\u0435\u043b\u044c\u043d\u0438\u043a\u043e\u0432\u0441\u043a\u043e\u0439 \u0444\u0440\u0430\u043a\u0446\u0438\u0438 \u0437\u0430\u043f\u0440\u0435\u0449\u0451\u043d\u043d\u043e\u0439 \u0432 \u0420\u043e\u0441\u0441\u0438\u0438 \u041e\u0423\u041d* \u0411\u043e\u0433\u0434\u0430\u043d \u0427\u0435\u0440\u0432\u0430\u043a \u0433\u0440\u043e\u0437\u0438\u0442 \u043f\u043e\u043b\u044f\u043a\u0430\u043c, \u0447\u0442\u043e \u0432 \u0441\u043b\u0443\u0447\u0430\u0435 \u043f\u043e\u043f\u044b\u0442\u043a\u0438 \u0430\u043d\u043d\u0435\u043a\u0441\u0438\u0438 \u041b\u044c\u0432\u043e\u0432\u0430 \u043e\u043d\u0438\u0026hellip;\n          \u003C\/p\u003E\n        \u003C\/article\u003E\n      \u003C\/div\u003E\n      \u003C!-- \/article --\u003E\n\n                    \u003C!-- article --\u003E\n      \u003Cdiv class=\u0022col-xl-6 col-lg-6 col-md-6\u0022\u003E\n        \u003Carticle class=\u0022news-feed__item\u0022\u003E\n          \u003Ca href=\u0022\/news\/2024\/10\/01\/kievskaya-vlast-boitsya-togo-chto-varshava-ustroit-ey-krovopuskanie-iz-za-volynskoy\u0022 class=\u0022news-feed__img\u0022\u003E\n                                    \u003Cimg src=\u0022\/sites\/default\/files\/styles\/thumbnail_front_article\/public\/images\/news\/2024\/10\/01\/5RTWkHFU.jpg?itok=hEx49suP\u0022 width=\u0022456\u0022 height=\u0022246\u0022 alt=\u0022\u0022 loading=\u0022lazy\u0022 \/\u003E\n\n\n                      \u003C\/a\u003E\n          \u003Cdiv class=\u0022meta news-feed__meta\u0022\u003E\n                        \u003Cspan class=\u0022data meta__item\u0022\u003E\n              01.10.2024 |\n\t\t\t\t\t\t\t\t\t\t\t\t\t\t\t\u003Ca href=\u0022\/authors\/dmitriy-shevchenko.html\u0022\u003E\u0414\u043c\u0438\u0442\u0440\u0438\u0439 \u0428\u0415\u0412\u0427\u0415\u041d\u041a\u041e\u003C\/a\u003E\n\t\t\t\t\t\t\t            \u003C\/span\u003E\n          \u003C\/div\u003E\n          \u003Ch2 class=\u0022news-feed__header\u0022\u003E\n            \u003Ca href=\u0022\/news\/2024\/10\/01\/kievskaya-vlast-boitsya-togo-chto-varshava-ustroit-ey-krovopuskanie-iz-za-volynskoy\u0022\u003E\n              \u041a\u0438\u0435\u0432\u0441\u043a\u0430\u044f \u0432\u043b\u0430\u0441\u0442\u044c \u0431\u043e\u0438\u0442\u0441\u044f \u0442\u043e\u0433\u043e, \u0447\u0442\u043e \u0412\u0430\u0440\u0448\u0430\u0432\u0430 \u0443\u0441\u0442\u0440\u043e\u0438\u0442 \u0435\u0439 \u043a\u0440\u043e\u0432\u043e\u043f\u0443\u0441\u043a\u0430\u043d\u0438\u0435 \u0438\u0437-\u0437\u0430 \u0412\u043e\u043b\u044b\u043d\u0441\u043a\u043e\u0439 \u0440\u0435\u0437\u043d\u0438\n            \u003C\/a\u003E\n          \u003C\/h2\u003E\n          \u003Cp class=\u0022news-feed__descr\u0022\u003E\n                        \u041f\u0440\u043e\u0442\u0438\u0432\u043e\u0441\u0442\u043e\u044f\u043d\u0438\u0435 \u041a\u0438\u0435\u0432\u0430 \u0438 \u0412\u0430\u0440\u0448\u0430\u0432\u044b \u043f\u043e \u043f\u0440\u043e\u0431\u043b\u0435\u043c\u0435 \u0412\u043e\u043b\u044b\u043d\u0441\u043a\u043e\u0439 \u0440\u0435\u0437\u043d\u0438 \u043f\u0440\u043e\u0434\u043e\u043b\u0436\u0430\u0435\u0442 \u043d\u0430\u0431\u0438\u0440\u0430\u0442\u044c \u043e\u0431\u043e\u0440\u043e\u0442\u044b. \u041a\u0438\u0435\u0432\u0441\u043a\u0430\u044f \u0432\u043b\u0430\u0441\u0442\u044c \u043d\u0435 \u0445\u043e\u0447\u0435\u0442, \u0434\u0430 \u0438 \u043d\u0435 \u043c\u043e\u0436\u0435\u0442,\u0026hellip;\n          \u003C\/p\u003E\n        \u003C\/article\u003E\n      \u003C\/div\u003E\n      \u003C!-- \/article --\u003E\n\n                    \u003C!-- article --\u003E\n      \u003Cdiv class=\u0022col-xl-6 col-lg-6 col-md-6\u0022\u003E\n        \u003Carticle class=\u0022news-feed__item\u0022\u003E\n          \u003Ca href=\u0022\/news\/2024\/10\/01\/526-polyakov-trebuyut-ot-kieva-eksgumacii-zhertv-volynskoy-rezni.html\u0022 class=\u0022news-feed__img\u0022\u003E\n                                    \u003Cimg src=\u0022\/sites\/default\/files\/styles\/thumbnail_front_article\/public\/images\/news\/2024\/10\/01\/FTXOnyHXoAM9uMv-970x542.jpg?itok=xkapp3R1\u0022 width=\u0022456\u0022 height=\u0022246\u0022 alt=\u002252,6% \u043f\u043e\u043b\u044f\u043a\u043e\u0432 \u0442\u0440\u0435\u0431\u0443\u044e\u0442 \u043e\u0442 \u041a\u0438\u0435\u0432\u0430 \u044d\u043a\u0441\u0433\u0443\u043c\u0430\u0446\u0438\u0438 \u0436\u0435\u0440\u0442\u0432 \u0412\u043e\u043b\u044b\u043d\u0441\u043a\u043e\u0439 \u0440\u0435\u0437\u043d\u0438\u0022 loading=\u0022lazy\u0022 \/\u003E\n\n\n                      \u003C\/a\u003E\n          \u003Cdiv class=\u0022meta news-feed__meta\u0022\u003E\n                        \u003Cspan class=\u0022data meta__item\u0022\u003E\n              01.10.2024 |\n\t\t\t\t\t\t\t\t\t\t\t\t\t\t\t\u003Ca href=\u0022\/authors\/novosti.-sobytija.html\u0022\u003E\u041e\u0431\u0437\u043e\u0440 \u0441\u043e\u0431\u044b\u0442\u0438\u0439  \u003C\/a\u003E\n\t\t\t\t\t\t\t            \u003C\/span\u003E\n          \u003C\/div\u003E\n          \u003Ch2 class=\u0022news-feed__header\u0022\u003E\n            \u003Ca href=\u0022\/news\/2024\/10\/01\/526-polyakov-trebuyut-ot-kieva-eksgumacii-zhertv-volynskoy-rezni.html\u0022\u003E\n              52,6% \u043f\u043e\u043b\u044f\u043a\u043e\u0432 \u0442\u0440\u0435\u0431\u0443\u044e\u0442 \u043e\u0442 \u041a\u0438\u0435\u0432\u0430 \u044d\u043a\u0441\u0433\u0443\u043c\u0430\u0446\u0438\u0438 \u0436\u0435\u0440\u0442\u0432 \u0412\u043e\u043b\u044b\u043d\u0441\u043a\u043e\u0439 \u0440\u0435\u0437\u043d\u0438\n            \u003C\/a\u003E\n          \u003C\/h2\u003E\n          \u003Cp class=\u0022news-feed__descr\u0022\u003E\n                        \u0421\u043e\u0433\u043b\u0430\u0441\u043d\u043e \u0441\u043e\u0446\u043e\u043f\u0440\u043e\u0441\u0443, \u043f\u0440\u043e\u0432\u0435\u0434\u0451\u043d\u043d\u043e\u043c\u0443 \u0432 \u041f\u043e\u043b\u044c\u0448\u0435 \u0430\u0433\u0435\u043d\u0442\u0441\u0442\u0432\u043e\u043c SW Research, 52,6% \u0433\u0440\u0430\u0436\u0434\u0430\u043d \u0441\u0447\u0438\u0442\u0430\u044e\u0442 \u043e\u0431\u044f\u0437\u0430\u0442\u0435\u043b\u044c\u043d\u044b\u043c \u0443\u0441\u043b\u043e\u0432\u0438\u0435\u043c \u0447\u043b\u0435\u043d\u0441\u0442\u0432\u0430 \u0423\u043a\u0440\u0430\u0438\u043d\u044b \u0432\u0026hellip;\n          \u003C\/p\u003E\n        \u003C\/article\u003E\n      \u003C\/div\u003E\n      \u003C!-- \/article --\u003E\n\n                    \u003C!-- article --\u003E\n      \u003Cdiv class=\u0022col-xl-6 col-lg-6 col-md-6\u0022\u003E\n        \u003Carticle class=\u0022news-feed__item\u0022\u003E\n          \u003Ca href=\u0022\/news\/2024\/09\/17\/politika-polshi-po-otnosheniyu-k-ukraine-ili-druzhba-zhaby-s-gadyukoy.html\u0022 class=\u0022news-feed__img\u0022\u003E\n                                    \u003Cimg src=\u0022\/sites\/default\/files\/styles\/thumbnail_front_article\/public\/images\/news\/2024\/09\/17\/ZHABA_I_GADYUKA.jpg?itok=59nra2w2\u0022 width=\u0022456\u0022 height=\u0022246\u0022 alt=\u0022\u0022 loading=\u0022lazy\u0022 \/\u003E\n\n\n                      \u003C\/a\u003E\n          \u003Cdiv class=\u0022meta news-feed__meta\u0022\u003E\n                        \u003Cspan class=\u0022data meta__item\u0022\u003E\n              17.09.2024 |\n\t\t\t\t\t\t\t\t\t\t\t\t\t\t\t\u003Ca href=\u0022\/authors\/dmitriy-shevchenko.html\u0022\u003E\u0414\u043c\u0438\u0442\u0440\u0438\u0439 \u0428\u0415\u0412\u0427\u0415\u041d\u041a\u041e\u003C\/a\u003E\n\t\t\t\t\t\t\t            \u003C\/span\u003E\n          \u003C\/div\u003E\n          \u003Ch2 class=\u0022news-feed__header\u0022\u003E\n            \u003Ca href=\u0022\/news\/2024\/09\/17\/politika-polshi-po-otnosheniyu-k-ukraine-ili-druzhba-zhaby-s-gadyukoy.html\u0022\u003E\n              \u041f\u043e\u043b\u0438\u0442\u0438\u043a\u0430 \u041f\u043e\u043b\u044c\u0448\u0438 \u043f\u043e \u043e\u0442\u043d\u043e\u0448\u0435\u043d\u0438\u044e \u043a \u0423\u043a\u0440\u0430\u0438\u043d\u0435, \u0438\u043b\u0438 \u0414\u0440\u0443\u0436\u0431\u0430 \u0436\u0430\u0431\u044b \u0441 \u0433\u0430\u0434\u044e\u043a\u043e\u0439\n            \u003C\/a\u003E\n          \u003C\/h2\u003E\n          \u003Cp class=\u0022news-feed__descr\u0022\u003E\n                        \u0427\u0435\u043c \u0434\u0430\u043b\u044c\u0448\u0435, \u0442\u0435\u043c \u0431\u043e\u043b\u044c\u0448\u0435 \u041f\u043e\u043b\u044c\u0448\u0430 \u043d\u0430\u0447\u0438\u043d\u0430\u0435\u0442 \u0441\u0431\u0440\u0430\u0441\u044b\u0432\u0430\u0442\u044c \u043c\u0430\u0441\u043a\u0438 \u043f\u043e \u043e\u0442\u043d\u043e\u0448\u0435\u043d\u0438\u044e \u043a \u0423\u043a\u0440\u0430\u0438\u043d\u0435, \u0442\u0435\u043c \u0431\u043e\u043b\u0435\u0435 \u0447\u0442\u043e \u043f\u043e\u043b\u044f\u043a\u0438 \u0432\u0441\u0435\u0433\u0434\u0430 \u043a\u0438\u0434\u0430\u043b\u0438 \u0441\u0432\u043e\u0438 \u0436\u0430\u0434\u043d\u044b\u0435\u0026hellip;\n          \u003C\/p\u003E\n        \u003C\/article\u003E\n      \u003C\/div\u003E\n      \u003C!-- \/article --\u003E\n\n                    \u003C!-- article --\u003E\n      \u003Cdiv class=\u0022col-xl-6 col-lg-6 col-md-6\u0022\u003E\n        \u003Carticle class=\u0022news-feed__item\u0022\u003E\n          \u003Ca href=\u0022\/news\/2024\/07\/15\/soyuz-ukraincev-v-polshe-vozmuschyon-pamyatnikom-zhertvam-volynskoy-rezni.html\u0022 class=\u0022news-feed__img\u0022\u003E\n                                    \u003Cimg src=\u0022\/sites\/default\/files\/styles\/thumbnail_front_article\/public\/images\/news\/2024\/07\/15\/2024-07-15_21-22-27.jpg?itok=GLC0P___\u0022 width=\u0022456\u0022 height=\u0022246\u0022 alt=\u0022\u0421\u043e\u044e\u0437 \u0443\u043a\u0440\u0430\u0438\u043d\u0446\u0435\u0432 \u0432 \u041f\u043e\u043b\u044c\u0448\u0435 \u0432\u043e\u0437\u043c\u0443\u0449\u0451\u043d \u043f\u0430\u043c\u044f\u0442\u043d\u0438\u043a\u043e\u043c \u0436\u0435\u0440\u0442\u0432\u0430\u043c \u0412\u043e\u043b\u044b\u043d\u0441\u043a\u043e\u0439 \u0440\u0435\u0437\u043d\u0438\u0022 loading=\u0022lazy\u0022 \/\u003E\n\n\n                      \u003C\/a\u003E\n          \u003Cdiv class=\u0022meta news-feed__meta\u0022\u003E\n                        \u003Cspan class=\u0022data meta__item\u0022\u003E\n              15.07.2024 |\n\t\t\t\t\t\t\t\t\t\t\t\t\t\t\t\u003Ca href=\u0022\/authors\/novosti.-sobytija.html\u0022\u003E\u041e\u0431\u0437\u043e\u0440 \u0441\u043e\u0431\u044b\u0442\u0438\u0439  \u003C\/a\u003E\n\t\t\t\t\t\t\t            \u003C\/span\u003E\n          \u003C\/div\u003E\n          \u003Ch2 class=\u0022news-feed__header\u0022\u003E\n            \u003Ca href=\u0022\/news\/2024\/07\/15\/soyuz-ukraincev-v-polshe-vozmuschyon-pamyatnikom-zhertvam-volynskoy-rezni.html\u0022\u003E\n              \u0421\u043e\u044e\u0437 \u0443\u043a\u0440\u0430\u0438\u043d\u0446\u0435\u0432 \u0432 \u041f\u043e\u043b\u044c\u0448\u0435 \u0432\u043e\u0437\u043c\u0443\u0449\u0451\u043d \u043f\u0430\u043c\u044f\u0442\u043d\u0438\u043a\u043e\u043c \u0436\u0435\u0440\u0442\u0432\u0430\u043c \u0412\u043e\u043b\u044b\u043d\u0441\u043a\u043e\u0439 \u0440\u0435\u0437\u043d\u0438\n            \u003C\/a\u003E\n          \u003C\/h2\u003E\n          \u003Cp class=\u0022news-feed__descr\u0022\u003E\n                        \u0413\u043b\u0430\u0432\u0430 \u0421\u043e\u044e\u0437\u0430 \u0443\u043a\u0440\u0430\u0438\u043d\u0446\u0435\u0432 \u0432 \u041f\u043e\u043b\u044c\u0448\u0435 (\u0421\u0423\u0432\u041f) \u041c\u0438\u0440\u043e\u0441\u043b\u0430\u0432 \u0421\u043a\u0443\u0440\u043a\u0430 \u0440\u0430\u0441\u043a\u0440\u0438\u0442\u0438\u043a\u043e\u0432\u0430\u043b \u0443\u0441\u0442\u0430\u043d\u043e\u0432\u043b\u0435\u043d\u043d\u044b\u0439 \u0432 \u0414\u043e\u043c\u043e\u0441\u0442\u0430\u0432\u0435 (\u041f\u043e\u0434\u043a\u0430\u0440\u043f\u0430\u0442\u0441\u043a\u043e\u0435 \u0432\u043e\u0435\u0432\u043e\u0434\u0441\u0442\u0432\u043e) \u043d\u043e\u0432\u044b\u0439\u0026hellip;\n          \u003C\/p\u003E\n        \u003C\/article\u003E\n      \u003C\/div\u003E\n      \u003C!-- \/article --\u003E\n\n                    \u003C!-- article --\u003E\n      \u003Cdiv class=\u0022col-xl-6 col-lg-6 col-md-6\u0022\u003E\n        \u003Carticle class=\u0022news-feed__item\u0022\u003E\n          \u003Ca href=\u0022\/news\/2024\/07\/11\/ukrainskiy-genocid-polyakov-na-volyni-ne-zabyt.html\u0022 class=\u0022news-feed__img\u0022\u003E\n                                    \u003Cimg src=\u0022\/sites\/default\/files\/styles\/thumbnail_front_article\/public\/images\/news\/2024\/07\/11\/1019701446.jpg?itok=sLqZicVN\u0022 width=\u0022456\u0022 height=\u0022246\u0022 alt=\u0022\u0423\u043a\u0440\u0430\u0438\u043d\u0441\u043a\u0438\u0439 \u0433\u0435\u043d\u043e\u0446\u0438\u0434 \u043f\u043e\u043b\u044f\u043a\u043e\u0432 \u043d\u0430 \u0412\u043e\u043b\u044b\u043d\u0438 \u043d\u0435 \u0437\u0430\u0431\u044b\u0442\u0022 loading=\u0022lazy\u0022 \/\u003E\n\n\n                      \u003C\/a\u003E\n          \u003Cdiv class=\u0022meta news-feed__meta\u0022\u003E\n                        \u003Cspan class=\u0022data meta__item\u0022\u003E\n              11.07.2024 |\n\t\t\t\t\t\t\t\t\t\t\t\t\t\t\t\u003Ca href=\u0022\/authors\/dmitriy-rostov.html\u0022\u003E\u0414\u043c\u0438\u0442\u0440\u0438\u0439 \u0420\u041e\u0421\u0422\u041e\u0412\u003C\/a\u003E\n\t\t\t\t\t\t\t            \u003C\/span\u003E\n          \u003C\/div\u003E\n          \u003Ch2 class=\u0022news-feed__header\u0022\u003E\n            \u003Ca href=\u0022\/news\/2024\/07\/11\/ukrainskiy-genocid-polyakov-na-volyni-ne-zabyt.html\u0022\u003E\n              \u0423\u043a\u0440\u0430\u0438\u043d\u0441\u043a\u0438\u0439 \u0433\u0435\u043d\u043e\u0446\u0438\u0434 \u043f\u043e\u043b\u044f\u043a\u043e\u0432 \u043d\u0430 \u0412\u043e\u043b\u044b\u043d\u0438 \u043d\u0435 \u0437\u0430\u0431\u044b\u0442\n            \u003C\/a\u003E\n          \u003C\/h2\u003E\n          \u003Cp class=\u0022news-feed__descr\u0022\u003E\n                        \u041a\u0430\u0436\u0434\u0430\u044f \u0434\u0430\u0442\u0430 \u0442\u0440\u0430\u0433\u0438\u0447\u0435\u0441\u043a\u0438\u0445 \u0441\u043e\u0431\u044b\u0442\u0438\u0439 \u043d\u0430 \u0412\u043e\u043b\u044b\u043d\u0438 \u0441\u0442\u0430\u043d\u043e\u0432\u0438\u0442\u0441\u044f \u043e\u0447\u0435\u0440\u0435\u0434\u043d\u044b\u043c \u043d\u0430\u043f\u043e\u043c\u0438\u043d\u0430\u043d\u0438\u0435\u043c \u043e \u043d\u0435\u0436\u0435\u043b\u0430\u043d\u0438\u0438 \u043d\u0430\u0446\u0438\u0441\u0442\u043e\u0432 \u0432 \u041a\u0438\u0435\u0432\u0435 \u0431\u0440\u0430\u0442\u044c \u0437\u0430 \u043d\u0435\u0435 \u0440\u0435\u0430\u043b\u044c\u043d\u0443\u044e\u0026hellip;\n          \u003C\/p\u003E\n        \u003C\/article\u003E\n      \u003C\/div\u003E\n      \u003C!-- \/article --\u003E\n\n                    \u003C!-- article --\u003E\n      \u003Cdiv class=\u0022col-xl-6 col-lg-6 col-md-6\u0022\u003E\n        \u003Carticle class=\u0022news-feed__item\u0022\u003E\n          \u003Ca href=\u0022\/news\/2024\/06\/26\/polyaki-vspominayut-zhertv-ukrainskogo-nacionalizma.html\u0022 class=\u0022news-feed__img\u0022\u003E\n                                    \u003Cimg src=\u0022\/sites\/default\/files\/styles\/thumbnail_front_article\/public\/images\/news\/2024\/06\/26\/volyn260624.jpg?itok=DVs6lqxT\u0022 width=\u0022456\u0022 height=\u0022246\u0022 alt=\u0022\u041f\u043e\u043b\u044f\u043a\u0438 \u0432\u0441\u043f\u043e\u043c\u0438\u043d\u0430\u044e\u0442 \u0436\u0435\u0440\u0442\u0432 \u0443\u043a\u0440\u0430\u0438\u043d\u0441\u043a\u043e\u0433\u043e \u043d\u0430\u0446\u0438\u043e\u043d\u0430\u043b\u0438\u0437\u043c\u0430\u0022 loading=\u0022lazy\u0022 \/\u003E\n\n\n                      \u003C\/a\u003E\n          \u003Cdiv class=\u0022meta news-feed__meta\u0022\u003E\n                        \u003Cspan class=\u0022data meta__item\u0022\u003E\n              26.06.2024 |\n\t\t\t\t\t\t\t\t\t\t\t\t\t\t\t\u003Ca href=\u0022\/authors\/novosti.-sobytija.html\u0022\u003E\u041e\u0431\u0437\u043e\u0440 \u0441\u043e\u0431\u044b\u0442\u0438\u0439  \u003C\/a\u003E\n\t\t\t\t\t\t\t            \u003C\/span\u003E\n          \u003C\/div\u003E\n          \u003Ch2 class=\u0022news-feed__header\u0022\u003E\n            \u003Ca href=\u0022\/news\/2024\/06\/26\/polyaki-vspominayut-zhertv-ukrainskogo-nacionalizma.html\u0022\u003E\n              \u041f\u043e\u043b\u044f\u043a\u0438 \u0432\u0441\u043f\u043e\u043c\u0438\u043d\u0430\u044e\u0442 \u0436\u0435\u0440\u0442\u0432 \u0443\u043a\u0440\u0430\u0438\u043d\u0441\u043a\u043e\u0433\u043e \u043d\u0430\u0446\u0438\u043e\u043d\u0430\u043b\u0438\u0437\u043c\u0430\n            \u003C\/a\u003E\n          \u003C\/h2\u003E\n          \u003Cp class=\u0022news-feed__descr\u0022\u003E\n                        \u0412 \u041f\u043e\u043b\u044c\u0448\u0435 \u0433\u043e\u0442\u043e\u0432\u044f\u0442\u0441\u044f \u043a \u0442\u0440\u0430\u0443\u0440\u043d\u044b\u043c \u043c\u0435\u0440\u043e\u043f\u0440\u0438\u044f\u0442\u0438\u044f\u043c \u0432 \u043f\u0430\u043c\u044f\u0442\u044c \u043e \u0436\u0435\u0440\u0442\u0432\u0430\u0445 \u0412\u043e\u043b\u044b\u043d\u0441\u043a\u043e\u0439 \u0440\u0435\u0437\u043d\u0438 1943 \u0433. \u041c\u0435\u0440\u043e\u043f\u0440\u0438\u044f\u0442\u0438\u044f \u043d\u0430\u0447\u043d\u0443\u0442\u0441\u044f 11 \u0438\u044e\u043b\u044f - \u043f\u0435\u0440\u0432\u043e\u0433\u043e \u0434\u043d\u044f\u0026hellip;\n          \u003C\/p\u003E\n        \u003C\/article\u003E\n      \u003C\/div\u003E\n      \u003C!-- \/article --\u003E\n\n                    \u003C!-- article --\u003E\n      \u003Cdiv class=\u0022col-xl-6 col-lg-6 col-md-6\u0022\u003E\n        \u003Carticle class=\u0022news-feed__item\u0022\u003E\n          \u003Ca href=\u0022\/news\/2023\/07\/10\/volynskaya-reznya-vysokhshaya-krov.html\u0022 class=\u0022news-feed__img\u0022\u003E\n                                    \u003Cimg src=\u0022\/sites\/default\/files\/styles\/thumbnail_front_article\/public\/images\/news\/2023\/07\/10\/photo1688993606_0.jpg?itok=dLk9VidJ\u0022 width=\u0022456\u0022 height=\u0022246\u0022 alt=\u0022\u0022 loading=\u0022lazy\u0022 \/\u003E\n\n\n                      \u003C\/a\u003E\n          \u003Cdiv class=\u0022meta news-feed__meta\u0022\u003E\n                        \u003Cspan class=\u0022data meta__item\u0022\u003E\n              10.07.2023 |\n\t\t\t\t\t\t\t\t\t\t\t\t\t\t\t\u003Ca href=\u0022\/authors\/valerij-burt.html\u0022\u003E\u0412\u0430\u043b\u0435\u0440\u0438\u0439 \u0411\u0423\u0420\u0422\u003C\/a\u003E\n\t\t\t\t\t\t\t            \u003C\/span\u003E\n          \u003C\/div\u003E\n          \u003Ch2 class=\u0022news-feed__header\u0022\u003E\n            \u003Ca href=\u0022\/news\/2023\/07\/10\/volynskaya-reznya-vysokhshaya-krov.html\u0022\u003E\n              \u0412\u043e\u043b\u044b\u043d\u0441\u043a\u0430\u044f \u0440\u0435\u0437\u043d\u044f: \u0432\u044b\u0441\u043e\u0445\u0448\u0430\u044f \u043a\u0440\u043e\u0432\u044c\n            \u003C\/a\u003E\n          \u003C\/h2\u003E\n          \u003Cp class=\u0022news-feed__descr\u0022\u003E\n                        \u0412 \u043f\u0430\u043c\u044f\u0442\u044c \u0412\u043e\u043b\u044b\u043d\u0441\u043a\u043e\u0439 \u0440\u0435\u0437\u043d\u0435 \u0432 \u041f\u043e\u043b\u044c\u0448\u0435 \u0443\u0441\u0442\u0430\u043d\u043e\u0432\u043b\u0435\u043d \u041d\u0430\u0446\u0438\u043e\u043d\u0430\u043b\u044c\u043d\u044b\u0439 \u0434\u0435\u043d\u044c \u043f\u0430\u043c\u044f\u0442\u0438 \u0436\u0435\u0440\u0442\u0432 \u0433\u0435\u043d\u043e\u0446\u0438\u0434\u0430, \u0441\u043e\u0432\u0435\u0440\u0448\u0435\u043d\u043d\u043e\u0433\u043e \u0443\u043a\u0440\u0430\u0438\u043d\u0441\u043a\u0438\u043c\u0438 \u043d\u0430\u0446\u0438\u043e\u043d\u0430\u043b\u0438\u0441\u0442\u0430\u043c\u0438.\n          \u003C\/p\u003E\n        \u003C\/article\u003E\n      \u003C\/div\u003E\n      \u003C!-- \/article --\u003E\n\n                    \u003C!-- article --\u003E\n      \u003Cdiv class=\u0022col-xl-6 col-lg-6 col-md-6\u0022\u003E\n        \u003Carticle class=\u0022news-feed__item\u0022\u003E\n          \u003Ca href=\u0022\/news\/2023\/04\/11\/na-puti-k-razdelu-ukrainy.html\u0022 class=\u0022news-feed__img\u0022\u003E\n                                    \u003Cimg src=\u0022\/sites\/default\/files\/styles\/thumbnail_front_article\/public\/images\/news\/2023\/04\/11\/21505.jpg?itok=w3x_ZuZ2\u0022 width=\u0022456\u0022 height=\u0022246\u0022 alt=\u0022\u041d\u0430 \u043f\u0443\u0442\u0438 \u043a \u0440\u0430\u0437\u0434\u0435\u043b\u0443 \u0423\u043a\u0440\u0430\u0438\u043d\u044b\u0022 loading=\u0022lazy\u0022 \/\u003E\n\n\n                      \u003C\/a\u003E\n          \u003Cdiv class=\u0022meta news-feed__meta\u0022\u003E\n                        \u003Cspan class=\u0022data meta__item\u0022\u003E\n              11.04.2023 |\n\t\t\t\t\t\t\t\t\t\t\t\t\t\t\t\u003Ca href=\u0022\/authors\/valerij-burt.html\u0022\u003E\u0412\u0430\u043b\u0435\u0440\u0438\u0439 \u0411\u0423\u0420\u0422\u003C\/a\u003E\n\t\t\t\t\t\t\t            \u003C\/span\u003E\n          \u003C\/div\u003E\n          \u003Ch2 class=\u0022news-feed__header\u0022\u003E\n            \u003Ca href=\u0022\/news\/2023\/04\/11\/na-puti-k-razdelu-ukrainy.html\u0022\u003E\n              \u041d\u0430 \u043f\u0443\u0442\u0438 \u043a \u0440\u0430\u0437\u0434\u0435\u043b\u0443 \u0423\u043a\u0440\u0430\u0438\u043d\u044b\n            \u003C\/a\u003E\n          \u003C\/h2\u003E\n          \u003Cp class=\u0022news-feed__descr\u0022\u003E\n                        \u041f\u043e\u043b\u044c\u0441\u043a\u0438\u0435 \u0445\u043e\u0437\u044f\u0435\u0432\u0430 \u0442\u0435\u0440\u043f\u044f\u0442, \u0438\u043c \u043d\u0435 \u0441 \u0440\u0443\u043a\u0438 \u0432\u043e\u0437\u043c\u0443\u0449\u0430\u0442\u044c\u0441\u044f. \u041e\u0442\u043d\u043e\u0441\u0438\u0442\u0435\u043b\u044c\u043d\u043e \u0423\u043a\u0440\u0430\u0438\u043d\u044b \u0443 \u043d\u0438\u0445 \u0435\u0441\u0442\u044c \u043f\u043b\u0430\u043d\u044b \u0026ndash; \u0437\u0430\u0431\u0440\u0430\u0442\u044c \u043d\u0430\u0437\u0430\u0434 \u0026laquo;\u0441\u0432\u043e\u0438\u0026raquo;\u0026hellip;\n          \u003C\/p\u003E\n        \u003C\/article\u003E\n      \u003C\/div\u003E\n      \u003C!-- \/article --\u003E\n\n                    \u003C!-- article --\u003E\n      \u003Cdiv class=\u0022col-xl-6 col-lg-6 col-md-6\u0022\u003E\n        \u003Carticle class=\u0022news-feed__item\u0022\u003E\n          \u003Ca href=\u0022\/news\/2022\/07\/12\/chto-takoe-dlja-poljakov-den-pamjati-zhertv-volynskoj-rezni.html\u0022 class=\u0022news-feed__img\u0022\u003E\n                                    \u003Cimg src=\u0022\/sites\/default\/files\/styles\/thumbnail_front_article\/public\/images\/news\/2022\/07\/12\/19196.jpg?itok=-_-GdCE3\u0022 width=\u0022456\u0022 height=\u0022246\u0022 alt=\u0022\u0415\u0436\u0435\u0433\u043e\u0434\u043d\u043e 11 \u0438\u044e\u043b\u044f \u0432 \u041f\u043e\u043b\u044c\u0448\u0435 \u043e\u0442\u043c\u0435\u0447\u0430\u044e\u0442 \u041d\u0430\u0446\u0438\u043e\u043d\u0430\u043b\u044c\u043d\u044b\u0439 \u0434\u0435\u043d\u044c \u043f\u0430\u043c\u044f\u0442\u0438 \u0436\u0435\u0440\u0442\u0432 \u0433\u0435\u043d\u043e\u0446\u0438\u0434\u0430, \u0443\u0447\u0438\u043d\u0451\u043d\u043d\u043e\u0433\u043e \u0432 \u043e\u0442\u043d\u043e\u0448\u0435\u043d\u0438\u0438 \u043f\u043e\u043b\u044f\u043a\u043e\u0432 \u0443\u043a\u0440\u0430\u0438\u043d\u0441\u043a\u0438\u043c\u0438 \u043d\u0430\u0446\u0438\u043e\u043d\u0430\u043b\u0438\u0441\u0442\u0430\u043c\u0438. \u042d\u0442\u043e \u0414\u0435\u043d\u044c \u043f\u0430\u043c\u044f\u0442\u0438 \u0436\u0435\u0440\u0442\u0432 \u0412\u043e\u043b\u044b\u043d\u0441\u043a\u043e\u0439 \u0440\u0435\u0437\u043d\u0438 (Rze\u017a wo\u0142y\u0144ska).\u0022 loading=\u0022lazy\u0022 \/\u003E\n\n\n                      \u003C\/a\u003E\n          \u003Cdiv class=\u0022meta news-feed__meta\u0022\u003E\n                        \u003Cspan class=\u0022data meta__item\u0022\u003E\n              12.07.2022 |\n\t\t\t\t\t\t\t\t\t\t\t\t\t\t\t\u003Ca href=\u0022\/authors\/artem-ignatev.html\u0022\u003E\u0410\u0440\u0442\u0451\u043c \u0418\u0413\u041d\u0410\u0422\u042c\u0415\u0412\u003C\/a\u003E\n\t\t\t\t\t\t\t            \u003C\/span\u003E\n          \u003C\/div\u003E\n          \u003Ch2 class=\u0022news-feed__header\u0022\u003E\n            \u003Ca href=\u0022\/news\/2022\/07\/12\/chto-takoe-dlja-poljakov-den-pamjati-zhertv-volynskoj-rezni.html\u0022\u003E\n              \u0427\u0442\u043e \u0442\u0430\u043a\u043e\u0435 \u0434\u043b\u044f \u043f\u043e\u043b\u044f\u043a\u043e\u0432 \u0414\u0435\u043d\u044c \u043f\u0430\u043c\u044f\u0442\u0438 \u0436\u0435\u0440\u0442\u0432 \u0412\u043e\u043b\u044b\u043d\u0441\u043a\u043e\u0439 \u0440\u0435\u0437\u043d\u0438\n            \u003C\/a\u003E\n          \u003C\/h2\u003E\n          \u003Cp class=\u0022news-feed__descr\u0022\u003E\n                        11 \u0438\u044e\u043b\u044f 1943 \u0433\u043e\u0434\u0430 \u0432\u043e\u0448\u0435\u043b \u0432 \u0438\u0441\u0442\u043e\u0440\u0438\u044e \u043f\u043e\u043b\u044c\u0441\u043a\u043e\u0433\u043e \u043d\u0430\u0440\u043e\u0434\u0430 \u043f\u043e\u0434 \u043d\u0430\u0437\u0432\u0430\u043d\u0438\u0435\u043c \u0026laquo;\u041a\u0440\u043e\u0432\u0430\u0432\u043e\u0435 \u0432\u043e\u0441\u043a\u0440\u0435\u0441\u0435\u043d\u044c\u0435\u0026raquo;. \u041f\u0440\u0435\u0441\u0442\u0443\u043f\u043d\u0438\u043a\u0438 \u0432\u044b\u0431\u0440\u0430\u043b\u0438 \u0435\u0433\u043e \u043d\u0435\u0026hellip;\n          \u003C\/p\u003E\n        \u003C\/article\u003E\n      \u003C\/div\u003E\n      \u003C!-- \/article --\u003E\n\n          \n","settings":null}]